{"id":2513,"date":"2022-08-16T02:00:01","date_gmt":"2022-08-16T06:00:01","guid":{"rendered":"https:\/\/www.testes-online.org\/blog\/?p=2513"},"modified":"2023-12-08T16:38:08","modified_gmt":"2023-12-08T16:38:08","slug":"a-vacinacao-nao-causa-o-autismo","status":"publish","type":"post","link":"https:\/\/www.testes-online.org\/blog\/autismo\/a-vacinacao-nao-causa-o-autismo\/","title":{"rendered":"A vacina\u00e7\u00e3o n\u00e3o causa o autismo"},"content":{"rendered":"<blockquote><p>Algumas vacinas podem causar encefalite e outras complica\u00e7\u00f5es, mas estes efeitos secund\u00e1rios desagrad\u00e1veis s\u00e3o raros. Tamb\u00e9m n\u00e3o existe qualquer liga\u00e7\u00e3o entre as vacinas e <a href=\"https:\/\/www.testes-online.org\/espectro-do-autismo\">o autismo<\/a> ou outros problemas de sa\u00fade graves, garante a National Academy of Sciences, a academia nacional de ci\u00eancias dos EUA.<\/p><\/blockquote>\n<p>A primeira an\u00e1lise exaustiva das provas cient\u00edficas sobre a seguran\u00e7a das vacinas em 17 anos foi efectuada por um comit\u00e9 criado pelo Instituto de Medicina da Academia. Considerando a quest\u00e3o controversa da seguran\u00e7a das vacinas, foram analisados mais de mil estudos cient\u00edficos. Num relat\u00f3rio de 667 p\u00e1ginas publicado na quinta-feira, o comit\u00e9 de 16 membros apresentou provas convincentes de que as vacinas podem causar 14 problemas de sa\u00fade diferentes, incluindo convuls\u00f5es, encefalite e desmaios, mas salientou que tais complica\u00e7\u00f5es s\u00e3o extremamente raras. O comit\u00e9 concluiu que algumas vacinas podem causar outras complica\u00e7\u00f5es, como reac\u00e7\u00f5es al\u00e9rgicas ou dores nas articula\u00e7\u00f5es. No entanto, n\u00e3o foi encontrada qualquer liga\u00e7\u00e3o entre a imuniza\u00e7\u00e3o e as doen\u00e7as mais perigosas que suscitam tantas d\u00favidas: o autismo e a diabetes tipo I. &#8211; Com o in\u00edcio do ano escolar, vale a pena certificar-se de que as crian\u00e7as t\u00eam todas as suas vacinas em dia. O relat\u00f3rio sobre a seguran\u00e7a destas oito vacinas surge num momento particularmente oportuno&#8221;, escreveu Ellen Wright Clayton, professora de pediatria e de direito na Universidade de Vanderbilt, que presidiu ao comit\u00e9, num comunicado. &#8211; Os resultados devem tranquilizar os pais. H\u00e1 v\u00e1rios problemas de sa\u00fade associados \u00e0 vacina\u00e7\u00e3o, mas os efeitos secund\u00e1rios s\u00e3o extremamente raros. Desde a entrada em vigor da Lei da Vacina\u00e7\u00e3o Infantil de 1986, o Instituto de Medicina, em nome do Congresso dos EUA, j\u00e1 efectuou 11 estudos sobre a seguran\u00e7a das vacinas. O \u00faltimo relat\u00f3rio foi publicado em 1994. Com base nestes relat\u00f3rios, o Departamento de Sa\u00fade e Servi\u00e7os Humanos dos EUA administra um programa de indemniza\u00e7\u00e3o para as fam\u00edlias de crian\u00e7as que sofreram les\u00f5es provocadas por vacinas. Nos \u00faltimos anos, a seguran\u00e7a das vacinas tornou-se objeto de um intenso debate. Alguns pais receiam que o n\u00famero crescente de vacinas obrigat\u00f3rias possa causar demasiadas complica\u00e7\u00f5es. Este argumento \u00e9 mais frequentemente invocado por aqueles que se recusam a vacinar os seus filhos. Entretanto, para preocupa\u00e7\u00e3o crescente das autoridades, j\u00e1 se observou que o facto de se evitar em massa a vacina\u00e7\u00e3o levou a um ressurgimento de doen\u00e7as potencialmente mortais, como o sarampo. Este ano, registou-se um grande surto de sarampo na Europa e o n\u00famero de casos nos EUA continua a aumentar. A Comiss\u00e3o conclui que existem provas convincentes de que a vacina trivalente contra o sarampo, a papeira e a rub\u00e9ola (MMR) pode provocar convuls\u00f5es em algumas crian\u00e7as, desencadeadas pela febre, mas, ao mesmo tempo, assegura que os sintomas s\u00e3o quase sempre de curta dura\u00e7\u00e3o e nunca conduziram a complica\u00e7\u00f5es graves. A vacina MMR pode causar uma forma rara de encefalite em pessoas com doen\u00e7as imunit\u00e1rias graves, adverte o comit\u00e9. Num pequeno n\u00famero de pacientes, a vacina contra a varicela pode causar incha\u00e7o cerebral, pneumonia, hepatite, meningite, hemiplegia e var\u00edola, afirma o comit\u00e9. No entanto, a maioria destas doen\u00e7as afecta pessoas com doen\u00e7as do sistema imunit\u00e1rio. A publica\u00e7\u00e3o do relat\u00f3rio foi saudada pelos apoiantes da vacina\u00e7\u00e3o infantil. No entanto, os cr\u00edticos salientam que o comit\u00e9 reconheceu claramente que ainda n\u00e3o existem provas suficientes para dissipar de uma vez por todas algumas das d\u00favidas que t\u00eam vindo a crescer em torno da vacina\u00e7\u00e3o. &#8211; A falta de provas cient\u00edficas suficientes para estabelecer de forma conclusiva que certas vacinas causam &#8211; ou n\u00e3o causam &#8211; doen\u00e7as graves como a encefalite, encefalopatia, acidente vascular cerebral, asma, autismo, morte s\u00fabita no ber\u00e7o, esclerose m\u00faltipla, artrite, l\u00fapus e doen\u00e7as do sangue \u00e9 problem\u00e1tica quando a lei torna obrigat\u00f3ria a vacina\u00e7\u00e3o das crian\u00e7as e a recomenda para os adultos, escreveu Barbara Loe Fisher do Centro Nacional de Informa\u00e7\u00e3o sobre Imuniza\u00e7\u00e3o numa mensagem de correio eletr\u00f3nico. &#8211; Reconhecendo que a ci\u00eancia ainda n\u00e3o compreende totalmente como as vacinas afectam o corpo humano &#8211; incluindo como, quando, porqu\u00ea e para quem podem constituir um risco &#8211; o comit\u00e9 confirma que \u00e9 necess\u00e1ria mais investiga\u00e7\u00e3o cient\u00edfica sobre a seguran\u00e7a das vacinas, acrescentou Fisher.<\/p>\n<hr \/>\n<p>Fonte<\/p>\n<ul>\n<li><em>https:\/\/www.medonet.pl\/ciaza-i-dziecko\/choroby-dzieciece,szczepienia-nie-wywoluja-autyzmu,artykul,1649463.html<\/em><\/li>\n<\/ul>\n","protected":false},"excerpt":{"rendered":"<p>Algumas vacinas podem causar encefalite e outras complica\u00e7\u00f5es, mas estes efeitos secund\u00e1rios desagrad\u00e1veis s\u00e3o raros. Tamb\u00e9m n\u00e3o existe qualquer liga\u00e7\u00e3o entre as vacinas e o&#8230;<\/p>\n","protected":false},"author":1,"featured_media":2514,"comment_status":"closed","ping_status":"open","sticky":false,"template":"","format":"standard","meta":{"inline_featured_image":false},"categories":[849],"tags":[],"yoast_head":"<!-- This site is optimized with the Yoast SEO plugin v18.1 - https:\/\/yoast.com\/wordpress\/plugins\/seo\/ -->\n<title>A vacina\u00e7\u00e3o n\u00e3o causa o autismo - Teste mental<\/title>\n<meta name=\"robots\" content=\"index, follow, max-snippet:-1, max-image-preview:large, max-video-preview:-1\" \/>\n<link rel=\"canonical\" href=\"https:\/\/www.testes-online.org\/blog\/autismo\/a-vacinacao-nao-causa-o-autismo\/\" \/>\n<meta property=\"og:locale\" content=\"pt_PT\" \/>\n<meta property=\"og:type\" content=\"article\" \/>\n<meta property=\"og:title\" content=\"A vacina\u00e7\u00e3o n\u00e3o causa o autismo - Teste mental\" \/>\n<meta property=\"og:description\" content=\"Algumas vacinas podem causar encefalite e outras complica\u00e7\u00f5es, mas estes efeitos secund\u00e1rios desagrad\u00e1veis s\u00e3o raros. Tamb\u00e9m n\u00e3o existe qualquer liga\u00e7\u00e3o entre as vacinas e o...\" \/>\n<meta property=\"og:url\" content=\"https:\/\/www.testes-online.org\/blog\/autismo\/a-vacinacao-nao-causa-o-autismo\/\" \/>\n<meta property=\"og:site_name\" content=\"Teste mental\" \/>\n<meta property=\"article:published_time\" content=\"2022-08-16T06:00:01+00:00\" \/>\n<meta property=\"article:modified_time\" content=\"2023-12-08T16:38:08+00:00\" \/>\n<meta property=\"og:image\" content=\"https:\/\/www.testes-online.org\/blog\/wp-content\/uploads\/2022\/08\/4-2.png\" \/>\n\t<meta property=\"og:image:width\" content=\"766\" \/>\n\t<meta property=\"og:image:height\" content=\"399\" \/>\n\t<meta property=\"og:image:type\" content=\"image\/png\" \/>\n<meta name=\"twitter:card\" content=\"summary_large_image\" \/>\n<meta name=\"twitter:label1\" content=\"Escrito por\" \/>\n\t<meta name=\"twitter:data1\" content=\"Testes Online\" \/>\n\t<meta name=\"twitter:label2\" content=\"Tempo estimado de leitura\" \/>\n\t<meta name=\"twitter:data2\" content=\"4 minutos\" \/>\n<script type=\"application\/ld+json\" class=\"yoast-schema-graph\">{\"@context\":\"https:\/\/schema.org\",\"@graph\":[{\"@type\":\"WebSite\",\"@id\":\"https:\/\/www.testes-online.org\/blog\/#website\",\"url\":\"https:\/\/www.testes-online.org\/blog\/\",\"name\":\"Teste mental\",\"description\":\"Blogue sobre perturba\u00e7\u00f5es da mente\",\"potentialAction\":[{\"@type\":\"SearchAction\",\"target\":{\"@type\":\"EntryPoint\",\"urlTemplate\":\"https:\/\/www.testes-online.org\/blog\/?s={search_term_string}\"},\"query-input\":\"required name=search_term_string\"}],\"inLanguage\":\"pt-PT\"},{\"@type\":\"ImageObject\",\"@id\":\"https:\/\/www.testes-online.org\/blog\/autismo\/a-vacinacao-nao-causa-o-autismo\/#primaryimage\",\"inLanguage\":\"pt-PT\",\"url\":\"https:\/\/www.testes-online.org\/blog\/wp-content\/uploads\/2022\/08\/4-2.png\",\"contentUrl\":\"https:\/\/www.testes-online.org\/blog\/wp-content\/uploads\/2022\/08\/4-2.png\",\"width\":766,\"height\":399},{\"@type\":\"WebPage\",\"@id\":\"https:\/\/www.testes-online.org\/blog\/autismo\/a-vacinacao-nao-causa-o-autismo\/#webpage\",\"url\":\"https:\/\/www.testes-online.org\/blog\/autismo\/a-vacinacao-nao-causa-o-autismo\/\",\"name\":\"A vacina\u00e7\u00e3o n\u00e3o causa o autismo - Teste mental\",\"isPartOf\":{\"@id\":\"https:\/\/www.testes-online.org\/blog\/#website\"},\"primaryImageOfPage\":{\"@id\":\"https:\/\/www.testes-online.org\/blog\/autismo\/a-vacinacao-nao-causa-o-autismo\/#primaryimage\"},\"datePublished\":\"2022-08-16T06:00:01+00:00\",\"dateModified\":\"2023-12-08T16:38:08+00:00\",\"author\":{\"@id\":\"https:\/\/www.testes-online.org\/blog\/#\/schema\/person\/8eb1bcaf59fea75c780c11946f4e3490\"},\"breadcrumb\":{\"@id\":\"https:\/\/www.testes-online.org\/blog\/autismo\/a-vacinacao-nao-causa-o-autismo\/#breadcrumb\"},\"inLanguage\":\"pt-PT\",\"potentialAction\":[{\"@type\":\"ReadAction\",\"target\":[\"https:\/\/www.testes-online.org\/blog\/autismo\/a-vacinacao-nao-causa-o-autismo\/\"]}]},{\"@type\":\"BreadcrumbList\",\"@id\":\"https:\/\/www.testes-online.org\/blog\/autismo\/a-vacinacao-nao-causa-o-autismo\/#breadcrumb\",\"itemListElement\":[{\"@type\":\"ListItem\",\"position\":1,\"name\":\"Home\",\"item\":\"https:\/\/www.testes-online.org\/blog\/\"},{\"@type\":\"ListItem\",\"position\":2,\"name\":\"A vacina\u00e7\u00e3o n\u00e3o causa o autismo\"}]},{\"@type\":\"Person\",\"@id\":\"https:\/\/www.testes-online.org\/blog\/#\/schema\/person\/8eb1bcaf59fea75c780c11946f4e3490\",\"name\":\"Testes Online\",\"image\":{\"@type\":\"ImageObject\",\"@id\":\"https:\/\/www.testes-online.org\/blog\/#personlogo\",\"inLanguage\":\"pt-PT\",\"url\":\"https:\/\/secure.gravatar.com\/avatar\/6743211f010801ea26aa9423a2daab37?s=96&d=mm&r=g\",\"contentUrl\":\"https:\/\/secure.gravatar.com\/avatar\/6743211f010801ea26aa9423a2daab37?s=96&d=mm&r=g\",\"caption\":\"Testes Online\"},\"sameAs\":[\"https:\/\/www.testes-online.org\/blog\"],\"url\":\"https:\/\/www.testes-online.org\/blog\/author\/diagnostyka-umyslu\/\"}]}<\/script>\n<!-- \/ Yoast SEO plugin. -->","yoast_head_json":{"title":"A vacina\u00e7\u00e3o n\u00e3o causa o autismo - Teste mental","robots":{"index":"index","follow":"follow","max-snippet":"max-snippet:-1","max-image-preview":"max-image-preview:large","max-video-preview":"max-video-preview:-1"},"canonical":"https:\/\/www.testes-online.org\/blog\/autismo\/a-vacinacao-nao-causa-o-autismo\/","og_locale":"pt_PT","og_type":"article","og_title":"A vacina\u00e7\u00e3o n\u00e3o causa o autismo - Teste mental","og_description":"Algumas vacinas podem causar encefalite e outras complica\u00e7\u00f5es, mas estes efeitos secund\u00e1rios desagrad\u00e1veis s\u00e3o raros. Tamb\u00e9m n\u00e3o existe qualquer liga\u00e7\u00e3o entre as vacinas e o...","og_url":"https:\/\/www.testes-online.org\/blog\/autismo\/a-vacinacao-nao-causa-o-autismo\/","og_site_name":"Teste mental","article_published_time":"2022-08-16T06:00:01+00:00","article_modified_time":"2023-12-08T16:38:08+00:00","og_image":[{"width":766,"height":399,"url":"https:\/\/www.testes-online.org\/blog\/wp-content\/uploads\/2022\/08\/4-2.png","type":"image\/png"}],"twitter_card":"summary_large_image","twitter_misc":{"Escrito por":"Testes Online","Tempo estimado de leitura":"4 minutos"},"schema":{"@context":"https:\/\/schema.org","@graph":[{"@type":"WebSite","@id":"https:\/\/www.testes-online.org\/blog\/#website","url":"https:\/\/www.testes-online.org\/blog\/","name":"Teste mental","description":"Blogue sobre perturba\u00e7\u00f5es da mente","potentialAction":[{"@type":"SearchAction","target":{"@type":"EntryPoint","urlTemplate":"https:\/\/www.testes-online.org\/blog\/?s={search_term_string}"},"query-input":"required name=search_term_string"}],"inLanguage":"pt-PT"},{"@type":"ImageObject","@id":"https:\/\/www.testes-online.org\/blog\/autismo\/a-vacinacao-nao-causa-o-autismo\/#primaryimage","inLanguage":"pt-PT","url":"https:\/\/www.testes-online.org\/blog\/wp-content\/uploads\/2022\/08\/4-2.png","contentUrl":"https:\/\/www.testes-online.org\/blog\/wp-content\/uploads\/2022\/08\/4-2.png","width":766,"height":399},{"@type":"WebPage","@id":"https:\/\/www.testes-online.org\/blog\/autismo\/a-vacinacao-nao-causa-o-autismo\/#webpage","url":"https:\/\/www.testes-online.org\/blog\/autismo\/a-vacinacao-nao-causa-o-autismo\/","name":"A vacina\u00e7\u00e3o n\u00e3o causa o autismo - Teste mental","isPartOf":{"@id":"https:\/\/www.testes-online.org\/blog\/#website"},"primaryImageOfPage":{"@id":"https:\/\/www.testes-online.org\/blog\/autismo\/a-vacinacao-nao-causa-o-autismo\/#primaryimage"},"datePublished":"2022-08-16T06:00:01+00:00","dateModified":"2023-12-08T16:38:08+00:00","author":{"@id":"https:\/\/www.testes-online.org\/blog\/#\/schema\/person\/8eb1bcaf59fea75c780c11946f4e3490"},"breadcrumb":{"@id":"https:\/\/www.testes-online.org\/blog\/autismo\/a-vacinacao-nao-causa-o-autismo\/#breadcrumb"},"inLanguage":"pt-PT","potentialAction":[{"@type":"ReadAction","target":["https:\/\/www.testes-online.org\/blog\/autismo\/a-vacinacao-nao-causa-o-autismo\/"]}]},{"@type":"BreadcrumbList","@id":"https:\/\/www.testes-online.org\/blog\/autismo\/a-vacinacao-nao-causa-o-autismo\/#breadcrumb","itemListElement":[{"@type":"ListItem","position":1,"name":"Home","item":"https:\/\/www.testes-online.org\/blog\/"},{"@type":"ListItem","position":2,"name":"A vacina\u00e7\u00e3o n\u00e3o causa o autismo"}]},{"@type":"Person","@id":"https:\/\/www.testes-online.org\/blog\/#\/schema\/person\/8eb1bcaf59fea75c780c11946f4e3490","name":"Testes Online","image":{"@type":"ImageObject","@id":"https:\/\/www.testes-online.org\/blog\/#personlogo","inLanguage":"pt-PT","url":"https:\/\/secure.gravatar.com\/avatar\/6743211f010801ea26aa9423a2daab37?s=96&d=mm&r=g","contentUrl":"https:\/\/secure.gravatar.com\/avatar\/6743211f010801ea26aa9423a2daab37?s=96&d=mm&r=g","caption":"Testes Online"},"sameAs":["https:\/\/www.testes-online.org\/blog"],"url":"https:\/\/www.testes-online.org\/blog\/author\/diagnostyka-umyslu\/"}]}},"amp_enabled":true,"_links":{"self":[{"href":"https:\/\/www.testes-online.org\/blog\/wp-json\/wp\/v2\/posts\/2513"}],"collection":[{"href":"https:\/\/www.testes-online.org\/blog\/wp-json\/wp\/v2\/posts"}],"about":[{"href":"https:\/\/www.testes-online.org\/blog\/wp-json\/wp\/v2\/types\/post"}],"author":[{"embeddable":true,"href":"https:\/\/www.testes-online.org\/blog\/wp-json\/wp\/v2\/users\/1"}],"replies":[{"embeddable":true,"href":"https:\/\/www.testes-online.org\/blog\/wp-json\/wp\/v2\/comments?post=2513"}],"version-history":[{"count":2,"href":"https:\/\/www.testes-online.org\/blog\/wp-json\/wp\/v2\/posts\/2513\/revisions"}],"predecessor-version":[{"id":2795,"href":"https:\/\/www.testes-online.org\/blog\/wp-json\/wp\/v2\/posts\/2513\/revisions\/2795"}],"wp:featuredmedia":[{"embeddable":true,"href":"https:\/\/www.testes-online.org\/blog\/wp-json\/wp\/v2\/media\/2514"}],"wp:attachment":[{"href":"https:\/\/www.testes-online.org\/blog\/wp-json\/wp\/v2\/media?parent=2513"}],"wp:term":[{"taxonomy":"category","embeddable":true,"href":"https:\/\/www.testes-online.org\/blog\/wp-json\/wp\/v2\/categories?post=2513"},{"taxonomy":"post_tag","embeddable":true,"href":"https:\/\/www.testes-online.org\/blog\/wp-json\/wp\/v2\/tags?post=2513"}],"curies":[{"name":"wp","href":"https:\/\/api.w.org\/{rel}","templated":true}]}}