{"id":2565,"date":"2022-09-02T02:00:24","date_gmt":"2022-09-02T06:00:24","guid":{"rendered":"https:\/\/www.testes-online.org\/blog\/?p=2565"},"modified":"2023-12-08T15:53:07","modified_gmt":"2023-12-08T15:53:07","slug":"perturbacao-do-espetro-do-autismo-o-que-e-sintomas-e-causas-da-perturbacao","status":"publish","type":"post","link":"https:\/\/www.testes-online.org\/blog\/autismo\/perturbacao-do-espetro-do-autismo-o-que-e-sintomas-e-causas-da-perturbacao\/","title":{"rendered":"Perturba\u00e7\u00e3o do espetro do autismo &#8211; O que \u00e9? Sintomas e causas da perturba\u00e7\u00e3o"},"content":{"rendered":"<p><strong>O autismo<\/strong> \u00e9 o nome coloquial para uma s\u00e9rie de poss\u00edveis perturba\u00e7\u00f5es inclu\u00eddas no <strong>espetro do autismo<\/strong>. As perturba\u00e7\u00f5es individuais que comp\u00f5em o <strong>espetro do autismo<\/strong> diferem tanto nos sintomas que produzem como na sua gravidade ou momento. Infelizmente, as causas de muitos casos inclu\u00eddos no <a href=\"https:\/\/www.testes-online.org\/espectro-do-autismo\">espetro do autismo<\/a> continuam por explicar.<\/p>\n<h4>Espectro do autismo<\/h4>\n<p>As primeiras men\u00e7\u00f5es ao <strong>autismo<\/strong> come\u00e7aram a aparecer na literatura m\u00e9dica bastante tarde. Nos anos 40, dois m\u00e9dicos, independentemente um do outro, fizeram uma descri\u00e7\u00e3o de casos semelhantes da doen\u00e7a. Leo Kanner fez ent\u00e3o a primeira descri\u00e7\u00e3o sistem\u00e1tica da doen\u00e7a, que descreveu como <strong>autismo infantil<\/strong> precoce. Hans Asperger realizou investiga\u00e7\u00f5es sobre crian\u00e7as afectadas e retirou o nome <strong>s\u00edndrome de Asperger<\/strong> do seu nome. Em psiquiatria, existem v\u00e1rias classifica\u00e7\u00f5es de doen\u00e7as, das quais a classifica\u00e7\u00e3o da Organiza\u00e7\u00e3o Mundial de Sa\u00fade (CID 10) \u00e9 a mais utilizada. De acordo com esta classifica\u00e7\u00e3o, <strong>o autismo<\/strong> est\u00e1 inclu\u00eddo no grupo das perturba\u00e7\u00f5es hol\u00edsticas do desenvolvimento. Este grupo \u00e9 constitu\u00eddo pelas seguintes entidades patol\u00f3gicas:<\/p>\n<ul>\n<li>autismo <strong>infantil<\/strong> precoce (diagnosticado antes dos 3 anos de idade),<\/li>\n<li>autismo at\u00edpico (diagnosticado ap\u00f3s os 3 anos de idade),<\/li>\n<li>S\u00edndrome de Rett,<\/li>\n<li>S\u00edndroma de Asperger,<\/li>\n<li>as diferentes perturba\u00e7\u00f5es desintegrativas,<\/li>\n<li>perturba\u00e7\u00e3o hipercin\u00e9tica (caracterizada por uma mobilidade excessiva),<\/li>\n<li>outras perturba\u00e7\u00f5es hol\u00edsticas do desenvolvimento,<\/li>\n<li>perturba\u00e7\u00f5es do desenvolvimento n\u00e3o especificadas.<\/li>\n<\/ul>\n<h4>Os sintomas<\/h4>\n<p>O <strong>espetro do autismo<\/strong> inclui casos com uma grande variedade de <strong>sintomas e graus de gravidade<\/strong>. A <strong>diversidade de<\/strong> casos de <strong>autismo<\/strong> tamb\u00e9m se traduz na utiliza\u00e7\u00e3o de diferentes crit\u00e9rios de diagn\u00f3stico por diferentes comunidades m\u00e9dicas em todo o mundo. Por exemplo, nos EUA, estatisticamente, uma em cada 68 pessoas \u00e9 diagnosticada com uma <strong>perturba\u00e7\u00e3o do espetro do autismo<\/strong>. Na Europa &#8211; devido \u00e0 utiliza\u00e7\u00e3o de crit\u00e9rios diferentes &#8211; <strong>as perturba\u00e7\u00f5es do espetro do autismo<\/strong> s\u00e3o diagnosticadas com menos frequ\u00eancia, uma em cada 150 pessoas. Por este motivo, n\u00e3o existem estudos m\u00e9dicos que definam definitivamente a gama de perturba\u00e7\u00f5es inclu\u00eddas no <strong>espetro do autismo<\/strong>, e muito menos a sua etiologia completa. No entanto, o que se pode afirmar com certeza \u00e9 que as perturba\u00e7\u00f5es do espetro do autismo afectam os rapazes quase quatro vezes mais do que as raparigas. Os sintomas afectam mais frequentemente tr\u00eas aspectos principais do comportamento: as capacidades de comunica\u00e7\u00e3o, o curso da intera\u00e7\u00e3o com outras pessoas e o comportamento espec\u00edfico. Os sintomas de uma <strong>pessoa autista<\/strong> podem envolver cada um destes aspectos em diferentes graus. Por conseguinte, diferentes pessoas com autismo apresentam um conjunto diferente de sintomas. No que respeita \u00e0 comunica\u00e7\u00e3o, destacam-se os seguintes sintomas espec\u00edficos:<\/p>\n<ul>\n<li>tend\u00eancia para repetir as mesmas palavras, frases,<\/li>\n<li>a ecolalia, ou seja, a repeti\u00e7\u00e3o de palavras e frases ouvidas de outros,<\/li>\n<li>problemas em exprimir linguisticamente as suas necessidades,<\/li>\n<li>problemas com a formula\u00e7\u00e3o gramaticalmente correcta do discurso, por exemplo, falar do seu comportamento na terceira pessoa,<\/li>\n<li>outras anomalias da fala que ocorrem individualmente,<\/li>\n<li>evitar o contacto visual,<\/li>\n<li>linguagem corporal distorcida ou express\u00f5es faciais que s\u00e3o dif\u00edceis de compreender pelos outros.<\/li>\n<\/ul>\n<p>Em termos de intera\u00e7\u00e3o social, os sintomas do espetro do autismo incluem<\/p>\n<ul>\n<li>problemas em estabelecer contacto com outras pessoas,<\/li>\n<li>relut\u00e2ncia em sentir proximidade f\u00edsica, toque,<\/li>\n<li>problemas em verbalizar os seus sentimentos,<\/li>\n<li>problemas ao brincar, especialmente no caso de jogos de pap\u00e9is (por exemplo, brincar \u00e0s casinhas, \u00e0s lojas), ou uma tend\u00eancia para brincar consigo pr\u00f3prio<\/li>\n<li>indiferen\u00e7a em rela\u00e7\u00e3o \u00e0s outras pessoas.<\/li>\n<\/ul>\n<p>A lista de sintomas espec\u00edficos inclui:<\/p>\n<ul>\n<li>comportamentos r\u00edgidos, repetitivos e rotineiros,<\/li>\n<li>birras, raiva, agressividade ou ansiedade,<\/li>\n<li>interesse por objectos invulgares &#8211; m\u00e1quina de lavar roupa, bot\u00f5es, interruptores,<\/li>\n<li>disposi\u00e7\u00e3o not\u00f3ria de objectos na mesma posi\u00e7\u00e3o e disposi\u00e7\u00e3o,<\/li>\n<li>execu\u00e7\u00e3o repetitiva dos mesmos movimentos.<\/li>\n<\/ul>\n<p>As perturba\u00e7\u00f5es inclu\u00eddas no <strong>espetro do autismo<\/strong> podem, em alguns casos, ser diagnosticadas logo no final da inf\u00e2ncia (por volta dos 11-12 meses de idade). No entanto, muitas vezes \u00e9 necess\u00e1rio esperar at\u00e9 v\u00e1rios anos de idade para obter um diagn\u00f3stico completo. Um dos primeiros sintomas \u00e9 a rea\u00e7\u00e3o perturbada da crian\u00e7a \u00e0 pessoa da m\u00e3e &#8211; sem sorriso, sem contacto visual, sem rea\u00e7\u00e3o \u00e0 sua voz.<\/p>\n<h4>Causas das perturba\u00e7\u00f5es do espetro do autismo<\/h4>\n<p>As causas potenciais das perturba\u00e7\u00f5es do espetro do autismo incluem:<\/p>\n<ul>\n<li>carga gen\u00e9tica (esta \u00e9 uma teoria n\u00e3o comprovada, mas baseia-se, entre outras coisas, na clara tend\u00eancia observada para o autismo ocorrer em g\u00e9meos monozig\u00f3ticos, bem como na coocorr\u00eancia de<\/li>\n<li>autismo com outras perturba\u00e7\u00f5es geneticamente determinadas, como a s\u00edndrome de Rett),<\/li>\n<li>a ocorr\u00eancia de condi\u00e7\u00f5es de natureza neurol\u00f3gica (em algumas pessoas diagnosticadas com autismo, s\u00e3o observadas altera\u00e7\u00f5es na estrutura cerebral),<\/li>\n<li>complica\u00e7\u00f5es na gravidez ou no parto (diabetes gestacional, problemas de tiroide),<\/li>\n<li>uso de certas subst\u00e2ncias pela m\u00e3e (especialmente medicamentos suspeitos: anti-epil\u00e9pticos, analg\u00e9sicos e outros),<\/li>\n<li>neglig\u00eancia parental no in\u00edcio da vida.<\/li>\n<\/ul>\n<hr \/>\n<p>Fonte<\/p>\n<ul>\n<li><em>https:\/\/www.medonet.pl\/choroby-od-a-do-z\/choroby-i-zaburzenia-psychiczne,spektrum-autyzmu,artykul,1733835.html<\/em><\/li>\n<\/ul>\n","protected":false},"excerpt":{"rendered":"<p>O autismo \u00e9 o nome coloquial para uma s\u00e9rie de poss\u00edveis perturba\u00e7\u00f5es inclu\u00eddas no espetro do autismo. As perturba\u00e7\u00f5es individuais que comp\u00f5em o espetro do&#8230;<\/p>\n","protected":false},"author":1,"featured_media":2566,"comment_status":"closed","ping_status":"open","sticky":false,"template":"","format":"standard","meta":{"inline_featured_image":false},"categories":[849],"tags":[],"yoast_head":"<!-- This site is optimized with the Yoast SEO plugin v18.1 - https:\/\/yoast.com\/wordpress\/plugins\/seo\/ -->\n<title>Perturba\u00e7\u00e3o do espetro do autismo - O que \u00e9? Sintomas e causas da perturba\u00e7\u00e3o - Teste mental<\/title>\n<meta name=\"robots\" content=\"index, follow, max-snippet:-1, max-image-preview:large, max-video-preview:-1\" \/>\n<link rel=\"canonical\" href=\"https:\/\/www.testes-online.org\/blog\/autismo\/perturbacao-do-espetro-do-autismo-o-que-e-sintomas-e-causas-da-perturbacao\/\" \/>\n<meta property=\"og:locale\" content=\"pt_PT\" \/>\n<meta property=\"og:type\" content=\"article\" \/>\n<meta property=\"og:title\" content=\"Perturba\u00e7\u00e3o do espetro do autismo - O que \u00e9? Sintomas e causas da perturba\u00e7\u00e3o - Teste mental\" \/>\n<meta property=\"og:description\" content=\"O autismo \u00e9 o nome coloquial para uma s\u00e9rie de poss\u00edveis perturba\u00e7\u00f5es inclu\u00eddas no espetro do autismo. As perturba\u00e7\u00f5es individuais que comp\u00f5em o espetro do...\" \/>\n<meta property=\"og:url\" content=\"https:\/\/www.testes-online.org\/blog\/autismo\/perturbacao-do-espetro-do-autismo-o-que-e-sintomas-e-causas-da-perturbacao\/\" \/>\n<meta property=\"og:site_name\" content=\"Teste mental\" \/>\n<meta property=\"article:published_time\" content=\"2022-09-02T06:00:24+00:00\" \/>\n<meta property=\"article:modified_time\" content=\"2023-12-08T15:53:07+00:00\" \/>\n<meta property=\"og:image\" content=\"https:\/\/www.testes-online.org\/blog\/wp-content\/uploads\/2022\/08\/21.png\" \/>\n\t<meta property=\"og:image:width\" content=\"765\" \/>\n\t<meta property=\"og:image:height\" content=\"400\" \/>\n\t<meta property=\"og:image:type\" content=\"image\/png\" \/>\n<meta name=\"twitter:card\" content=\"summary_large_image\" \/>\n<meta name=\"twitter:label1\" content=\"Escrito por\" \/>\n\t<meta name=\"twitter:data1\" content=\"Testes Online\" \/>\n\t<meta name=\"twitter:label2\" content=\"Tempo estimado de leitura\" \/>\n\t<meta name=\"twitter:data2\" content=\"4 minutos\" \/>\n<script type=\"application\/ld+json\" class=\"yoast-schema-graph\">{\"@context\":\"https:\/\/schema.org\",\"@graph\":[{\"@type\":\"WebSite\",\"@id\":\"https:\/\/www.testes-online.org\/blog\/#website\",\"url\":\"https:\/\/www.testes-online.org\/blog\/\",\"name\":\"Teste mental\",\"description\":\"Blogue sobre perturba\u00e7\u00f5es da mente\",\"potentialAction\":[{\"@type\":\"SearchAction\",\"target\":{\"@type\":\"EntryPoint\",\"urlTemplate\":\"https:\/\/www.testes-online.org\/blog\/?s={search_term_string}\"},\"query-input\":\"required name=search_term_string\"}],\"inLanguage\":\"pt-PT\"},{\"@type\":\"ImageObject\",\"@id\":\"https:\/\/www.testes-online.org\/blog\/autismo\/perturbacao-do-espetro-do-autismo-o-que-e-sintomas-e-causas-da-perturbacao\/#primaryimage\",\"inLanguage\":\"pt-PT\",\"url\":\"https:\/\/www.testes-online.org\/blog\/wp-content\/uploads\/2022\/08\/21.png\",\"contentUrl\":\"https:\/\/www.testes-online.org\/blog\/wp-content\/uploads\/2022\/08\/21.png\",\"width\":765,\"height\":400},{\"@type\":\"WebPage\",\"@id\":\"https:\/\/www.testes-online.org\/blog\/autismo\/perturbacao-do-espetro-do-autismo-o-que-e-sintomas-e-causas-da-perturbacao\/#webpage\",\"url\":\"https:\/\/www.testes-online.org\/blog\/autismo\/perturbacao-do-espetro-do-autismo-o-que-e-sintomas-e-causas-da-perturbacao\/\",\"name\":\"Perturba\u00e7\u00e3o do espetro do autismo - O que \u00e9? Sintomas e causas da perturba\u00e7\u00e3o - Teste mental\",\"isPartOf\":{\"@id\":\"https:\/\/www.testes-online.org\/blog\/#website\"},\"primaryImageOfPage\":{\"@id\":\"https:\/\/www.testes-online.org\/blog\/autismo\/perturbacao-do-espetro-do-autismo-o-que-e-sintomas-e-causas-da-perturbacao\/#primaryimage\"},\"datePublished\":\"2022-09-02T06:00:24+00:00\",\"dateModified\":\"2023-12-08T15:53:07+00:00\",\"author\":{\"@id\":\"https:\/\/www.testes-online.org\/blog\/#\/schema\/person\/8eb1bcaf59fea75c780c11946f4e3490\"},\"breadcrumb\":{\"@id\":\"https:\/\/www.testes-online.org\/blog\/autismo\/perturbacao-do-espetro-do-autismo-o-que-e-sintomas-e-causas-da-perturbacao\/#breadcrumb\"},\"inLanguage\":\"pt-PT\",\"potentialAction\":[{\"@type\":\"ReadAction\",\"target\":[\"https:\/\/www.testes-online.org\/blog\/autismo\/perturbacao-do-espetro-do-autismo-o-que-e-sintomas-e-causas-da-perturbacao\/\"]}]},{\"@type\":\"BreadcrumbList\",\"@id\":\"https:\/\/www.testes-online.org\/blog\/autismo\/perturbacao-do-espetro-do-autismo-o-que-e-sintomas-e-causas-da-perturbacao\/#breadcrumb\",\"itemListElement\":[{\"@type\":\"ListItem\",\"position\":1,\"name\":\"Home\",\"item\":\"https:\/\/www.testes-online.org\/blog\/\"},{\"@type\":\"ListItem\",\"position\":2,\"name\":\"What is it?\"}]},{\"@type\":\"Person\",\"@id\":\"https:\/\/www.testes-online.org\/blog\/#\/schema\/person\/8eb1bcaf59fea75c780c11946f4e3490\",\"name\":\"Testes Online\",\"image\":{\"@type\":\"ImageObject\",\"@id\":\"https:\/\/www.testes-online.org\/blog\/#personlogo\",\"inLanguage\":\"pt-PT\",\"url\":\"https:\/\/secure.gravatar.com\/avatar\/6743211f010801ea26aa9423a2daab37?s=96&d=mm&r=g\",\"contentUrl\":\"https:\/\/secure.gravatar.com\/avatar\/6743211f010801ea26aa9423a2daab37?s=96&d=mm&r=g\",\"caption\":\"Testes Online\"},\"sameAs\":[\"https:\/\/www.testes-online.org\/blog\"],\"url\":\"https:\/\/www.testes-online.org\/blog\/author\/diagnostyka-umyslu\/\"}]}<\/script>\n<!-- \/ Yoast SEO plugin. -->","yoast_head_json":{"title":"Perturba\u00e7\u00e3o do espetro do autismo - O que \u00e9? Sintomas e causas da perturba\u00e7\u00e3o - Teste mental","robots":{"index":"index","follow":"follow","max-snippet":"max-snippet:-1","max-image-preview":"max-image-preview:large","max-video-preview":"max-video-preview:-1"},"canonical":"https:\/\/www.testes-online.org\/blog\/autismo\/perturbacao-do-espetro-do-autismo-o-que-e-sintomas-e-causas-da-perturbacao\/","og_locale":"pt_PT","og_type":"article","og_title":"Perturba\u00e7\u00e3o do espetro do autismo - O que \u00e9? Sintomas e causas da perturba\u00e7\u00e3o - Teste mental","og_description":"O autismo \u00e9 o nome coloquial para uma s\u00e9rie de poss\u00edveis perturba\u00e7\u00f5es inclu\u00eddas no espetro do autismo. As perturba\u00e7\u00f5es individuais que comp\u00f5em o espetro do...","og_url":"https:\/\/www.testes-online.org\/blog\/autismo\/perturbacao-do-espetro-do-autismo-o-que-e-sintomas-e-causas-da-perturbacao\/","og_site_name":"Teste mental","article_published_time":"2022-09-02T06:00:24+00:00","article_modified_time":"2023-12-08T15:53:07+00:00","og_image":[{"width":765,"height":400,"url":"https:\/\/www.testes-online.org\/blog\/wp-content\/uploads\/2022\/08\/21.png","type":"image\/png"}],"twitter_card":"summary_large_image","twitter_misc":{"Escrito por":"Testes Online","Tempo estimado de leitura":"4 minutos"},"schema":{"@context":"https:\/\/schema.org","@graph":[{"@type":"WebSite","@id":"https:\/\/www.testes-online.org\/blog\/#website","url":"https:\/\/www.testes-online.org\/blog\/","name":"Teste mental","description":"Blogue sobre perturba\u00e7\u00f5es da mente","potentialAction":[{"@type":"SearchAction","target":{"@type":"EntryPoint","urlTemplate":"https:\/\/www.testes-online.org\/blog\/?s={search_term_string}"},"query-input":"required name=search_term_string"}],"inLanguage":"pt-PT"},{"@type":"ImageObject","@id":"https:\/\/www.testes-online.org\/blog\/autismo\/perturbacao-do-espetro-do-autismo-o-que-e-sintomas-e-causas-da-perturbacao\/#primaryimage","inLanguage":"pt-PT","url":"https:\/\/www.testes-online.org\/blog\/wp-content\/uploads\/2022\/08\/21.png","contentUrl":"https:\/\/www.testes-online.org\/blog\/wp-content\/uploads\/2022\/08\/21.png","width":765,"height":400},{"@type":"WebPage","@id":"https:\/\/www.testes-online.org\/blog\/autismo\/perturbacao-do-espetro-do-autismo-o-que-e-sintomas-e-causas-da-perturbacao\/#webpage","url":"https:\/\/www.testes-online.org\/blog\/autismo\/perturbacao-do-espetro-do-autismo-o-que-e-sintomas-e-causas-da-perturbacao\/","name":"Perturba\u00e7\u00e3o do espetro do autismo - O que \u00e9? Sintomas e causas da perturba\u00e7\u00e3o - Teste mental","isPartOf":{"@id":"https:\/\/www.testes-online.org\/blog\/#website"},"primaryImageOfPage":{"@id":"https:\/\/www.testes-online.org\/blog\/autismo\/perturbacao-do-espetro-do-autismo-o-que-e-sintomas-e-causas-da-perturbacao\/#primaryimage"},"datePublished":"2022-09-02T06:00:24+00:00","dateModified":"2023-12-08T15:53:07+00:00","author":{"@id":"https:\/\/www.testes-online.org\/blog\/#\/schema\/person\/8eb1bcaf59fea75c780c11946f4e3490"},"breadcrumb":{"@id":"https:\/\/www.testes-online.org\/blog\/autismo\/perturbacao-do-espetro-do-autismo-o-que-e-sintomas-e-causas-da-perturbacao\/#breadcrumb"},"inLanguage":"pt-PT","potentialAction":[{"@type":"ReadAction","target":["https:\/\/www.testes-online.org\/blog\/autismo\/perturbacao-do-espetro-do-autismo-o-que-e-sintomas-e-causas-da-perturbacao\/"]}]},{"@type":"BreadcrumbList","@id":"https:\/\/www.testes-online.org\/blog\/autismo\/perturbacao-do-espetro-do-autismo-o-que-e-sintomas-e-causas-da-perturbacao\/#breadcrumb","itemListElement":[{"@type":"ListItem","position":1,"name":"Home","item":"https:\/\/www.testes-online.org\/blog\/"},{"@type":"ListItem","position":2,"name":"What is it?"}]},{"@type":"Person","@id":"https:\/\/www.testes-online.org\/blog\/#\/schema\/person\/8eb1bcaf59fea75c780c11946f4e3490","name":"Testes Online","image":{"@type":"ImageObject","@id":"https:\/\/www.testes-online.org\/blog\/#personlogo","inLanguage":"pt-PT","url":"https:\/\/secure.gravatar.com\/avatar\/6743211f010801ea26aa9423a2daab37?s=96&d=mm&r=g","contentUrl":"https:\/\/secure.gravatar.com\/avatar\/6743211f010801ea26aa9423a2daab37?s=96&d=mm&r=g","caption":"Testes Online"},"sameAs":["https:\/\/www.testes-online.org\/blog"],"url":"https:\/\/www.testes-online.org\/blog\/author\/diagnostyka-umyslu\/"}]}},"amp_enabled":true,"_links":{"self":[{"href":"https:\/\/www.testes-online.org\/blog\/wp-json\/wp\/v2\/posts\/2565"}],"collection":[{"href":"https:\/\/www.testes-online.org\/blog\/wp-json\/wp\/v2\/posts"}],"about":[{"href":"https:\/\/www.testes-online.org\/blog\/wp-json\/wp\/v2\/types\/post"}],"author":[{"embeddable":true,"href":"https:\/\/www.testes-online.org\/blog\/wp-json\/wp\/v2\/users\/1"}],"replies":[{"embeddable":true,"href":"https:\/\/www.testes-online.org\/blog\/wp-json\/wp\/v2\/comments?post=2565"}],"version-history":[{"count":2,"href":"https:\/\/www.testes-online.org\/blog\/wp-json\/wp\/v2\/posts\/2565\/revisions"}],"predecessor-version":[{"id":2745,"href":"https:\/\/www.testes-online.org\/blog\/wp-json\/wp\/v2\/posts\/2565\/revisions\/2745"}],"wp:featuredmedia":[{"embeddable":true,"href":"https:\/\/www.testes-online.org\/blog\/wp-json\/wp\/v2\/media\/2566"}],"wp:attachment":[{"href":"https:\/\/www.testes-online.org\/blog\/wp-json\/wp\/v2\/media?parent=2565"}],"wp:term":[{"taxonomy":"category","embeddable":true,"href":"https:\/\/www.testes-online.org\/blog\/wp-json\/wp\/v2\/categories?post=2565"},{"taxonomy":"post_tag","embeddable":true,"href":"https:\/\/www.testes-online.org\/blog\/wp-json\/wp\/v2\/tags?post=2565"}],"curies":[{"name":"wp","href":"https:\/\/api.w.org\/{rel}","templated":true}]}}